{"id":2915,"date":"2019-06-20T12:24:35","date_gmt":"2019-06-20T11:24:35","guid":{"rendered":"https:\/\/demaq.com\/?p=2915"},"modified":"2019-06-20T12:49:29","modified_gmt":"2019-06-20T11:49:29","slug":"fp-dual","status":"publish","type":"post","link":"https:\/\/demaq.com\/en\/fp-dual\/","title":{"rendered":"FP DUAL"},"content":{"rendered":"<p>Recientemente, hemos firmano un Convenio de Colaboraci\u00f3n con el CIFP Ferrolterra, junto a otras empresas de la zona, para poner en marcha entre todos un programa de FP Dual.<\/p>\n<p>Buscamos impulsar la formaci\u00f3n espec\u00edfica y facilitar que se aplique a la realidad del mundo laboral. Consideramos que este programa resulta de gran inter\u00e9s para aquellos que busquen nuevas metas, as\u00ed como para las empresas locales y el desarrollo de la zona. Os invitamos a que os inform\u00e9is sobre ello en los siguientes enlaces:<\/p>\n<p><a href=\"https:\/\/demaq.com\/wp-content\/uploads\/Folleto-CS-Programaci\u00f3n-da-producci\u00f3n-en-FM_compressed.pdf\">CS Programaci\u00f3n da producci\u00f3n en FM<\/a><\/p>\n<p><a href=\"https:\/\/demaq.com\/wp-content\/uploads\/00_Calendario-admisi\u00f3n_2019-2020.pdf\">Calendario admisi\u00f3n_2019-2020<\/a><\/p>\n<p>&nbsp;<\/p>\n<p>&nbsp;<\/p>\n<p>&nbsp;<\/p>\n<p>&nbsp;<\/p>","protected":false},"excerpt":{"rendered":"<p>Recientemente, hemos firmano un Convenio de Colaboraci\u00f3n con el CIFP Ferrolterra, junto a otras empresas de la zona, para poner en marcha entre todos un programa de FP Dual. Buscamos impulsar la formaci\u00f3n espec\u00edfica y facilitar que se aplique a la realidad del mundo laboral. Consideramos que este programa resulta de gran inter\u00e9s para aquellos [&hellip;]<\/p>\n","protected":false},"author":5,"featured_media":2922,"comment_status":"open","ping_status":"open","sticky":false,"template":"","format":"standard","meta":{"_themeisle_gutenberg_block_has_review":false,"footnotes":""},"categories":[55],"tags":[],"class_list":["post-2915","post","type-post","status-publish","format-standard","has-post-thumbnail","hentry","category-sin-categoria-es"],"yoast_head":"<!-- This site is optimized with the Yoast SEO plugin v27.2 - https:\/\/yoast.com\/product\/yoast-seo-wordpress\/ -->\n<title>FP DUAL - DEMAQ<\/title>\n<meta name=\"robots\" content=\"index, follow, max-snippet:-1, max-image-preview:large, max-video-preview:-1\" \/>\n<link rel=\"canonical\" href=\"https:\/\/demaq.com\/en\/fp-dual\/\" \/>\n<meta property=\"og:locale\" content=\"en_US\" \/>\n<meta property=\"og:type\" content=\"article\" \/>\n<meta property=\"og:title\" content=\"FP DUAL - DEMAQ\" \/>\n<meta property=\"og:description\" content=\"Recientemente, hemos firmano un Convenio de Colaboraci\u00f3n con el CIFP Ferrolterra, junto a otras empresas de la zona, para poner en marcha entre todos un programa de FP Dual. Buscamos impulsar la formaci\u00f3n espec\u00edfica y facilitar que se aplique a la realidad del mundo laboral. Consideramos que este programa resulta de gran inter\u00e9s para aquellos [&hellip;]\" \/>\n<meta property=\"og:url\" content=\"https:\/\/demaq.com\/en\/fp-dual\/\" \/>\n<meta property=\"og:site_name\" content=\"DEMAQ\" \/>\n<meta property=\"article:published_time\" content=\"2019-06-20T11:24:35+00:00\" \/>\n<meta property=\"article:modified_time\" content=\"2019-06-20T11:49:29+00:00\" \/>\n<meta property=\"og:image\" content=\"https:\/\/demaq.com\/wp-content\/uploads\/Cartel-FP-Dual-Prog-fabri-meca.jpg\" \/>\n\t<meta property=\"og:image:width\" content=\"1324\" \/>\n\t<meta property=\"og:image:height\" content=\"1872\" \/>\n\t<meta property=\"og:image:type\" content=\"image\/jpeg\" \/>\n<meta name=\"author\" content=\"Ant\u00eda Vega\" \/>\n<meta name=\"twitter:card\" content=\"summary_large_image\" \/>\n<meta name=\"twitter:label1\" content=\"Written by\" \/>\n\t<meta name=\"twitter:data1\" content=\"Ant\u00eda Vega\" \/>\n\t<meta name=\"twitter:label2\" content=\"Est. reading time\" \/>\n\t<meta name=\"twitter:data2\" content=\"1 minute\" \/>\n<script type=\"application\/ld+json\" class=\"yoast-schema-graph\">{\"@context\":\"https:\/\/schema.org\",\"@graph\":[{\"@type\":\"Article\",\"@id\":\"https:\/\/demaq.com\/fp-dual\/#article\",\"isPartOf\":{\"@id\":\"https:\/\/demaq.com\/fp-dual\/\"},\"author\":{\"name\":\"Ant\u00eda Vega\",\"@id\":\"https:\/\/demaq.com\/#\/schema\/person\/fe9b55372c08f8bee1ebcd7bb2666a9f\"},\"headline\":\"FP DUAL\",\"datePublished\":\"2019-06-20T11:24:35+00:00\",\"dateModified\":\"2019-06-20T11:49:29+00:00\",\"mainEntityOfPage\":{\"@id\":\"https:\/\/demaq.com\/fp-dual\/\"},\"wordCount\":106,\"commentCount\":0,\"publisher\":{\"@id\":\"https:\/\/demaq.com\/#organization\"},\"image\":{\"@id\":\"https:\/\/demaq.com\/fp-dual\/#primaryimage\"},\"thumbnailUrl\":\"https:\/\/demaq.com\/wp-content\/uploads\/Cartel-FP-Dual-Prog-fabri-meca.jpg\",\"articleSection\":[\"Sin categor\u00eda\"],\"inLanguage\":\"en-US\",\"potentialAction\":[{\"@type\":\"CommentAction\",\"name\":\"Comment\",\"target\":[\"https:\/\/demaq.com\/fp-dual\/#respond\"]}]},{\"@type\":\"WebPage\",\"@id\":\"https:\/\/demaq.com\/fp-dual\/\",\"url\":\"https:\/\/demaq.com\/fp-dual\/\",\"name\":\"FP DUAL - DEMAQ\",\"isPartOf\":{\"@id\":\"https:\/\/demaq.com\/#website\"},\"primaryImageOfPage\":{\"@id\":\"https:\/\/demaq.com\/fp-dual\/#primaryimage\"},\"image\":{\"@id\":\"https:\/\/demaq.com\/fp-dual\/#primaryimage\"},\"thumbnailUrl\":\"https:\/\/demaq.com\/wp-content\/uploads\/Cartel-FP-Dual-Prog-fabri-meca.jpg\",\"datePublished\":\"2019-06-20T11:24:35+00:00\",\"dateModified\":\"2019-06-20T11:49:29+00:00\",\"breadcrumb\":{\"@id\":\"https:\/\/demaq.com\/fp-dual\/#breadcrumb\"},\"inLanguage\":\"en-US\",\"potentialAction\":[{\"@type\":\"ReadAction\",\"target\":[\"https:\/\/demaq.com\/fp-dual\/\"]}]},{\"@type\":\"ImageObject\",\"inLanguage\":\"en-US\",\"@id\":\"https:\/\/demaq.com\/fp-dual\/#primaryimage\",\"url\":\"https:\/\/demaq.com\/wp-content\/uploads\/Cartel-FP-Dual-Prog-fabri-meca.jpg\",\"contentUrl\":\"https:\/\/demaq.com\/wp-content\/uploads\/Cartel-FP-Dual-Prog-fabri-meca.jpg\",\"width\":1324,\"height\":1872},{\"@type\":\"BreadcrumbList\",\"@id\":\"https:\/\/demaq.com\/fp-dual\/#breadcrumb\",\"itemListElement\":[{\"@type\":\"ListItem\",\"position\":1,\"name\":\"Portada\",\"item\":\"https:\/\/demaq.com\/\"},{\"@type\":\"ListItem\",\"position\":2,\"name\":\"FP DUAL\"}]},{\"@type\":\"WebSite\",\"@id\":\"https:\/\/demaq.com\/#website\",\"url\":\"https:\/\/demaq.com\/\",\"name\":\"DEMAQ\",\"description\":\"\",\"publisher\":{\"@id\":\"https:\/\/demaq.com\/#organization\"},\"potentialAction\":[{\"@type\":\"SearchAction\",\"target\":{\"@type\":\"EntryPoint\",\"urlTemplate\":\"https:\/\/demaq.com\/?s={search_term_string}\"},\"query-input\":{\"@type\":\"PropertyValueSpecification\",\"valueRequired\":true,\"valueName\":\"search_term_string\"}}],\"inLanguage\":\"en-US\"},{\"@type\":\"Organization\",\"@id\":\"https:\/\/demaq.com\/#organization\",\"name\":\"DEMAQ\",\"url\":\"https:\/\/demaq.com\/\",\"logo\":{\"@type\":\"ImageObject\",\"inLanguage\":\"en-US\",\"@id\":\"https:\/\/demaq.com\/#\/schema\/logo\/image\/\",\"url\":\"https:\/\/demaq.com\/wp-content\/uploads\/logo-demaq.png\",\"contentUrl\":\"https:\/\/demaq.com\/wp-content\/uploads\/logo-demaq.png\",\"width\":400,\"height\":62,\"caption\":\"DEMAQ\"},\"image\":{\"@id\":\"https:\/\/demaq.com\/#\/schema\/logo\/image\/\"}},{\"@type\":\"Person\",\"@id\":\"https:\/\/demaq.com\/#\/schema\/person\/fe9b55372c08f8bee1ebcd7bb2666a9f\",\"name\":\"Ant\u00eda Vega\",\"image\":{\"@type\":\"ImageObject\",\"inLanguage\":\"en-US\",\"@id\":\"https:\/\/secure.gravatar.com\/avatar\/3f3a5034f24ed03082c1e941fe1ce12431c71f2f1088970d600e4f8b24336320?s=96&d=mm&r=g\",\"url\":\"https:\/\/secure.gravatar.com\/avatar\/3f3a5034f24ed03082c1e941fe1ce12431c71f2f1088970d600e4f8b24336320?s=96&d=mm&r=g\",\"contentUrl\":\"https:\/\/secure.gravatar.com\/avatar\/3f3a5034f24ed03082c1e941fe1ce12431c71f2f1088970d600e4f8b24336320?s=96&d=mm&r=g\",\"caption\":\"Ant\u00eda Vega\"}}]}<\/script>\n<!-- \/ Yoast SEO plugin. -->","yoast_head_json":{"title":"FP DUAL - DEMAQ","robots":{"index":"index","follow":"follow","max-snippet":"max-snippet:-1","max-image-preview":"max-image-preview:large","max-video-preview":"max-video-preview:-1"},"canonical":"https:\/\/demaq.com\/en\/fp-dual\/","og_locale":"en_US","og_type":"article","og_title":"FP DUAL - DEMAQ","og_description":"Recientemente, hemos firmano un Convenio de Colaboraci\u00f3n con el CIFP Ferrolterra, junto a otras empresas de la zona, para poner en marcha entre todos un programa de FP Dual. Buscamos impulsar la formaci\u00f3n espec\u00edfica y facilitar que se aplique a la realidad del mundo laboral. Consideramos que este programa resulta de gran inter\u00e9s para aquellos [&hellip;]","og_url":"https:\/\/demaq.com\/en\/fp-dual\/","og_site_name":"DEMAQ","article_published_time":"2019-06-20T11:24:35+00:00","article_modified_time":"2019-06-20T11:49:29+00:00","og_image":[{"width":1324,"height":1872,"url":"https:\/\/demaq.com\/wp-content\/uploads\/Cartel-FP-Dual-Prog-fabri-meca.jpg","type":"image\/jpeg"}],"author":"Ant\u00eda Vega","twitter_card":"summary_large_image","twitter_misc":{"Written by":"Ant\u00eda Vega","Est. reading time":"1 minute"},"schema":{"@context":"https:\/\/schema.org","@graph":[{"@type":"Article","@id":"https:\/\/demaq.com\/fp-dual\/#article","isPartOf":{"@id":"https:\/\/demaq.com\/fp-dual\/"},"author":{"name":"Ant\u00eda Vega","@id":"https:\/\/demaq.com\/#\/schema\/person\/fe9b55372c08f8bee1ebcd7bb2666a9f"},"headline":"FP DUAL","datePublished":"2019-06-20T11:24:35+00:00","dateModified":"2019-06-20T11:49:29+00:00","mainEntityOfPage":{"@id":"https:\/\/demaq.com\/fp-dual\/"},"wordCount":106,"commentCount":0,"publisher":{"@id":"https:\/\/demaq.com\/#organization"},"image":{"@id":"https:\/\/demaq.com\/fp-dual\/#primaryimage"},"thumbnailUrl":"https:\/\/demaq.com\/wp-content\/uploads\/Cartel-FP-Dual-Prog-fabri-meca.jpg","articleSection":["Sin categor\u00eda"],"inLanguage":"en-US","potentialAction":[{"@type":"CommentAction","name":"Comment","target":["https:\/\/demaq.com\/fp-dual\/#respond"]}]},{"@type":"WebPage","@id":"https:\/\/demaq.com\/fp-dual\/","url":"https:\/\/demaq.com\/fp-dual\/","name":"FP DUAL - DEMAQ","isPartOf":{"@id":"https:\/\/demaq.com\/#website"},"primaryImageOfPage":{"@id":"https:\/\/demaq.com\/fp-dual\/#primaryimage"},"image":{"@id":"https:\/\/demaq.com\/fp-dual\/#primaryimage"},"thumbnailUrl":"https:\/\/demaq.com\/wp-content\/uploads\/Cartel-FP-Dual-Prog-fabri-meca.jpg","datePublished":"2019-06-20T11:24:35+00:00","dateModified":"2019-06-20T11:49:29+00:00","breadcrumb":{"@id":"https:\/\/demaq.com\/fp-dual\/#breadcrumb"},"inLanguage":"en-US","potentialAction":[{"@type":"ReadAction","target":["https:\/\/demaq.com\/fp-dual\/"]}]},{"@type":"ImageObject","inLanguage":"en-US","@id":"https:\/\/demaq.com\/fp-dual\/#primaryimage","url":"https:\/\/demaq.com\/wp-content\/uploads\/Cartel-FP-Dual-Prog-fabri-meca.jpg","contentUrl":"https:\/\/demaq.com\/wp-content\/uploads\/Cartel-FP-Dual-Prog-fabri-meca.jpg","width":1324,"height":1872},{"@type":"BreadcrumbList","@id":"https:\/\/demaq.com\/fp-dual\/#breadcrumb","itemListElement":[{"@type":"ListItem","position":1,"name":"Portada","item":"https:\/\/demaq.com\/"},{"@type":"ListItem","position":2,"name":"FP DUAL"}]},{"@type":"WebSite","@id":"https:\/\/demaq.com\/#website","url":"https:\/\/demaq.com\/","name":"DEMAQ","description":"","publisher":{"@id":"https:\/\/demaq.com\/#organization"},"potentialAction":[{"@type":"SearchAction","target":{"@type":"EntryPoint","urlTemplate":"https:\/\/demaq.com\/?s={search_term_string}"},"query-input":{"@type":"PropertyValueSpecification","valueRequired":true,"valueName":"search_term_string"}}],"inLanguage":"en-US"},{"@type":"Organization","@id":"https:\/\/demaq.com\/#organization","name":"DEMAQ","url":"https:\/\/demaq.com\/","logo":{"@type":"ImageObject","inLanguage":"en-US","@id":"https:\/\/demaq.com\/#\/schema\/logo\/image\/","url":"https:\/\/demaq.com\/wp-content\/uploads\/logo-demaq.png","contentUrl":"https:\/\/demaq.com\/wp-content\/uploads\/logo-demaq.png","width":400,"height":62,"caption":"DEMAQ"},"image":{"@id":"https:\/\/demaq.com\/#\/schema\/logo\/image\/"}},{"@type":"Person","@id":"https:\/\/demaq.com\/#\/schema\/person\/fe9b55372c08f8bee1ebcd7bb2666a9f","name":"Ant\u00eda Vega","image":{"@type":"ImageObject","inLanguage":"en-US","@id":"https:\/\/secure.gravatar.com\/avatar\/3f3a5034f24ed03082c1e941fe1ce12431c71f2f1088970d600e4f8b24336320?s=96&d=mm&r=g","url":"https:\/\/secure.gravatar.com\/avatar\/3f3a5034f24ed03082c1e941fe1ce12431c71f2f1088970d600e4f8b24336320?s=96&d=mm&r=g","contentUrl":"https:\/\/secure.gravatar.com\/avatar\/3f3a5034f24ed03082c1e941fe1ce12431c71f2f1088970d600e4f8b24336320?s=96&d=mm&r=g","caption":"Ant\u00eda Vega"}}]}},"_links":{"self":[{"href":"https:\/\/demaq.com\/en\/wp-json\/wp\/v2\/posts\/2915","targetHints":{"allow":["GET"]}}],"collection":[{"href":"https:\/\/demaq.com\/en\/wp-json\/wp\/v2\/posts"}],"about":[{"href":"https:\/\/demaq.com\/en\/wp-json\/wp\/v2\/types\/post"}],"author":[{"embeddable":true,"href":"https:\/\/demaq.com\/en\/wp-json\/wp\/v2\/users\/5"}],"replies":[{"embeddable":true,"href":"https:\/\/demaq.com\/en\/wp-json\/wp\/v2\/comments?post=2915"}],"version-history":[{"count":5,"href":"https:\/\/demaq.com\/en\/wp-json\/wp\/v2\/posts\/2915\/revisions"}],"predecessor-version":[{"id":3156,"href":"https:\/\/demaq.com\/en\/wp-json\/wp\/v2\/posts\/2915\/revisions\/3156"}],"wp:featuredmedia":[{"embeddable":true,"href":"https:\/\/demaq.com\/en\/wp-json\/wp\/v2\/media\/2922"}],"wp:attachment":[{"href":"https:\/\/demaq.com\/en\/wp-json\/wp\/v2\/media?parent=2915"}],"wp:term":[{"taxonomy":"category","embeddable":true,"href":"https:\/\/demaq.com\/en\/wp-json\/wp\/v2\/categories?post=2915"},{"taxonomy":"post_tag","embeddable":true,"href":"https:\/\/demaq.com\/en\/wp-json\/wp\/v2\/tags?post=2915"}],"curies":[{"name":"wp","href":"https:\/\/api.w.org\/{rel}","templated":true}]}}